{"id":2003,"date":"2023-09-20T13:37:22","date_gmt":"2023-09-20T13:37:22","guid":{"rendered":"https:\/\/laoficinacol.com\/?p=2003"},"modified":"2025-01-25T16:56:42","modified_gmt":"2025-01-25T16:56:42","slug":"manifesto-sobre-la-crueldad","status":"publish","type":"post","link":"https:\/\/laoficinacol.com\/index.php\/2023\/09\/20\/manifesto-sobre-la-crueldad\/","title":{"rendered":"Manifesto sobre la crueldad"},"content":{"rendered":"\t\t<div data-elementor-type=\"wp-post\" data-elementor-id=\"2003\" class=\"elementor elementor-2003\">\n\t\t\t\t\t\t<section class=\"elementor-section elementor-top-section elementor-element elementor-element-97cf70b elementor-section-boxed elementor-section-height-default elementor-section-height-default\" data-id=\"97cf70b\" data-element_type=\"section\" data-e-type=\"section\">\n\t\t\t\t\t\t<div class=\"elementor-container elementor-column-gap-default\">\n\t\t\t\t\t<div class=\"elementor-column elementor-col-50 elementor-top-column elementor-element elementor-element-5ecce5e5\" data-id=\"5ecce5e5\" data-element_type=\"column\" data-e-type=\"column\">\n\t\t\t<div class=\"elementor-widget-wrap elementor-element-populated\">\n\t\t\t\t\t\t<div class=\"elementor-element elementor-element-47fbf5e elementor-widget__width-initial elementor-widget elementor-widget-heading\" data-id=\"47fbf5e\" data-element_type=\"widget\" data-e-type=\"widget\" data-widget_type=\"heading.default\">\n\t\t\t\t<div class=\"elementor-widget-container\">\n\t\t\t\t\t<h2 class=\"elementor-heading-title elementor-size-default\">Manifiesto sobre la crueldad<\/h2>\t\t\t\t<\/div>\n\t\t\t\t<\/div>\n\t\t\t\t<div class=\"elementor-element elementor-element-0b1f439 elementor-widget elementor-widget-heading\" data-id=\"0b1f439\" data-element_type=\"widget\" data-e-type=\"widget\" data-widget_type=\"heading.default\">\n\t\t\t\t<div class=\"elementor-widget-container\">\n\t\t\t\t\t<h2 class=\"elementor-heading-title elementor-size-default\">por: Carolina Rodr\u00edguez mayo<\/h2>\t\t\t\t<\/div>\n\t\t\t\t<\/div>\n\t\t\t\t<div class=\"elementor-element elementor-element-645ff8f2 elementor-widget elementor-widget-text-editor\" data-id=\"645ff8f2\" data-element_type=\"widget\" data-e-type=\"widget\" data-widget_type=\"text-editor.default\">\n\t\t\t\t<div class=\"elementor-widget-container\">\n\t\t\t\t\t\t\t\t\t<p><em>Viajera, educadora y escritora. Literata con opci\u00f3n en Filosof\u00eda. Especialista en Comunicaci\u00f3n Multimedia. Ha publicado su trabajo en revistas de colombianas como Literariedad, Sombralarga y Sinestesia. Columnista en Volc\u00e1nicas y Afrofeminas. Fue elegida como parte de una antolog\u00eda de j\u00f3venes poetas, Afloramientos, los puentes de regreso al pasado est\u00e1n rotos publicado por Fallidos Editores. Su poes\u00eda ha estado en lugares como la Universidad de Brown y en el podcast Gente que lee cuentos.<\/em><\/p>\t\t\t\t\t\t\t\t<\/div>\n\t\t\t\t<\/div>\n\t\t\t\t\t<\/div>\n\t\t<\/div>\n\t\t\t\t<div class=\"elementor-column elementor-col-50 elementor-top-column elementor-element elementor-element-dd00018\" data-id=\"dd00018\" data-element_type=\"column\" data-e-type=\"column\">\n\t\t\t<div class=\"elementor-widget-wrap elementor-element-populated\">\n\t\t\t\t\t\t<div class=\"elementor-element elementor-element-8e6a167 elementor-widget__width-initial elementor-widget elementor-widget-image\" data-id=\"8e6a167\" data-element_type=\"widget\" data-e-type=\"widget\" data-widget_type=\"image.default\">\n\t\t\t\t<div class=\"elementor-widget-container\">\n\t\t\t\t\t\t\t\t\t\t\t\t\t\t\t<img fetchpriority=\"high\" decoding=\"async\" width=\"300\" height=\"300\" src=\"https:\/\/laoficinacol.com\/wp-content\/uploads\/2023\/09\/Screenshot-2023-09-20-at-8.37.03-AM-300x300.png\" class=\"attachment-medium size-medium wp-image-2004\" alt=\"\" srcset=\"https:\/\/laoficinacol.com\/wp-content\/uploads\/2023\/09\/Screenshot-2023-09-20-at-8.37.03-AM-300x300.png 300w, https:\/\/laoficinacol.com\/wp-content\/uploads\/2023\/09\/Screenshot-2023-09-20-at-8.37.03-AM-1022x1024.png 1022w, https:\/\/laoficinacol.com\/wp-content\/uploads\/2023\/09\/Screenshot-2023-09-20-at-8.37.03-AM-150x150.png 150w, https:\/\/laoficinacol.com\/wp-content\/uploads\/2023\/09\/Screenshot-2023-09-20-at-8.37.03-AM-768x769.png 768w, https:\/\/laoficinacol.com\/wp-content\/uploads\/2023\/09\/Screenshot-2023-09-20-at-8.37.03-AM-500x500.png 500w, https:\/\/laoficinacol.com\/wp-content\/uploads\/2023\/09\/Screenshot-2023-09-20-at-8.37.03-AM.png 1192w\" sizes=\"(max-width: 300px) 100vw, 300px\" \/>\t\t\t\t\t\t\t\t\t\t\t\t\t\t\t<\/div>\n\t\t\t\t<\/div>\n\t\t\t\t\t<\/div>\n\t\t<\/div>\n\t\t\t\t\t<\/div>\n\t\t<\/section>\n\t\t\t\t<section class=\"elementor-section elementor-top-section elementor-element elementor-element-fa9feb9 elementor-section-boxed elementor-section-height-default elementor-section-height-default\" data-id=\"fa9feb9\" data-element_type=\"section\" data-e-type=\"section\">\n\t\t\t\t\t\t<div class=\"elementor-container elementor-column-gap-default\">\n\t\t\t\t\t<div class=\"elementor-column elementor-col-100 elementor-top-column elementor-element elementor-element-6562882\" data-id=\"6562882\" data-element_type=\"column\" data-e-type=\"column\">\n\t\t\t<div class=\"elementor-widget-wrap elementor-element-populated\">\n\t\t\t\t\t\t<div class=\"elementor-element elementor-element-44959a2 elementor-widget elementor-widget-text-editor\" data-id=\"44959a2\" data-element_type=\"widget\" data-e-type=\"widget\" data-widget_type=\"text-editor.default\">\n\t\t\t\t<div class=\"elementor-widget-container\">\n\t\t\t\t\t\t\t\t\t<p class=\"has-medium-font-size\" style=\"font-style: normal; font-weight: 400; text-transform: none; font-size: var(--wp--preset--font-size--medium) !important;\"><span style=\"font-size: 16px; font-style: inherit; font-weight: inherit; background-color: var(--ast-global-color-5); color: var(--ast-global-color-3); text-decoration-line: initial;\">Hay algo curioso con este manifiesto,\u00a0<\/span><span style=\"font-weight: bold; font-size: 16px; font-style: inherit; background-color: var(--ast-global-color-5); color: var(--ast-global-color-3); text-decoration-line: initial;\">no pudo haber sido escrito por quien ejerce la crueldad<\/span><span style=\"font-size: 16px; font-style: inherit; font-weight: inherit; background-color: var(--ast-global-color-5); color: var(--ast-global-color-3); text-decoration-line: initial;\">, necesariamente deb\u00eda ser escrito por quien la ha padecido. Hoy vestir\u00e1n la piel de aquellas crueles gentes que se han burlado de sus buenas intenciones, hoy ver\u00e1n el mundo desde la perspectiva enemiga.\u00a0<\/span><\/p>\n<p style=\"font-size: 16px; font-style: normal; font-weight: 400; text-transform: none;\">La crueldad es un escudo: duro, fr\u00edo, r\u00edgido; quienes lo utilizan por lo general pretenden que el escudo se adhiera a sus carnes. Quienes portan este uniforme son personas toscas al hablar y su egoman\u00eda es apabullante. Es importante tener mucha precauci\u00f3n con las gentes crueles, pueden parecer como t\u00fa o como yo, pueden pretender portarse con amabilidad, incluso empat\u00eda; sin embargo, en alg\u00fan punto sentir\u00e1s tu esp\u00edritu magullado por el acero (casi siempre oxidado) de sus cuerpos. Viven escupiendo para arriba, no les es suficiente lastimar a diestra y siniestra, su mejor proeza es asegurar sin parar que en realidad han sufrido mucho; se jactan en su propio dolor y de \u00e9ste se agarran para arrastrar a otros al abismo oscuro y vac\u00edo de sus miradas tramposas.\u00a0<\/p>\n<p style=\"font-size: 16px; font-style: normal; font-weight: 400; text-transform: none;\">\u00a0<\/p>\n<p style=\"font-size: 16px; font-style: normal; font-weight: 400; text-transform: none;\">\u00a0<\/p>\n<p style=\"font-size: 16px; font-style: normal; font-weight: 400; text-transform: none;\">\u00a0<\/p>\n<p style=\"font-size: 16px; font-style: normal; font-weight: 400; text-transform: none;\">\u00a0<\/p>\n<p style=\"font-size: 16px; font-style: normal; font-weight: 400; text-transform: none;\"><span style=\"font-weight: bold;\">La crueldad vestida de v\u00edctima es la gran mascarada.\u00a0<\/span><\/p>\n<p style=\"font-size: 16px; font-style: normal; font-weight: 400; text-transform: none;\">\u00a0<\/p>\n<p style=\"font-size: 16px; font-style: normal; font-weight: 400; text-transform: none;\">\u00a0<\/p>\n<p style=\"font-size: 16px; font-style: normal; font-weight: 400; text-transform: none;\">Viven conjugando nombres distantes, nombres desconocidos, que porque de all\u00e1 heredaron sus crueles maneras. Las excusas pueden ser muchas: me rompieron el coraz\u00f3n, me envenenaron el alma, traicionaron mi inocencia; todo sirve de raz\u00f3n para que una persona cruel se desate y escupa su bilis contra el mundo. Se asustan e intimidan ante la dulzura de otras personas, afirmar\u00e1n que no saben qu\u00e9 hacer con \u00e9sta. Cada d\u00eda se presentar\u00e1n de maneras diferentes: har\u00e1n esculturas para capturar el arte y la belleza de la que carecen, pretender\u00e1n que saben escribir y pondr\u00e1n la inicial de tu nombre en historias vergonzosas. Te elevar\u00e1n con falsas promesas de amistades fruct\u00edferas, pero con un solo mensaje te har\u00e1n sentir como la mujer m\u00e1s sucia de toda Babilonia, te arrojar\u00e1n piedras al gritarte que les recuerdas a Mar\u00eda Magadalena.\u00a0<span style=\"font-weight: bold;\">As\u00ed es la crueldad de estas gentes lagartas: inesperada, escurridiza e impredecible.\u00a0<\/span><\/p>\n<p style=\"font-size: 16px; font-style: normal; font-weight: 400; text-transform: none;\"><span style=\"font-weight: bold;\">\u00a0<\/span><\/p>\n<p style=\"font-size: 16px; font-style: normal; font-weight: 400; text-transform: none;\">\u00a0<\/p>\n<p style=\"font-size: 16px; font-style: normal; font-weight: 400; text-transform: none;\">\u00a0<\/p>\n<p style=\"font-size: 16px; font-style: normal; font-weight: 400; text-transform: none;\">Podemos detectar la crueldad a metros de distancia, as\u00ed es, las personas que no ejercemos esta carrerita de muerte, podemos detectar a las personas crueles, pero optamos por creer que en sus vientres se aloja un deseo sincero por conocer la bondad o la ternura; parte del manifiesto pretende ense\u00f1arles a quienes lo leen que no le crean a esa vocecita, por lo general quien usa la crueldad como m\u00e1scara, bajo esa m\u00e1scara ya no tiene rostro. Ser\u00e1 entonces un recipiente hueco lo que encuentren cuando el show de &#8220;soy cruel, pero pretendo no serlo&#8221; termine.\u00a0<\/p>\n<p style=\"font-size: 16px; font-style: normal; font-weight: 400; text-transform: none;\">\u00a0<\/p>\n<p style=\"font-size: 16px; font-style: normal; font-weight: 400; text-transform: none;\">\u00a0<\/p>\n<p style=\"font-size: 16px; font-style: normal; font-weight: 400; text-transform: none;\">\u00a0<\/p>\n<p style=\"font-size: 16px; font-style: normal; font-weight: 400; text-transform: none;\">\u00a0<\/p>\n<p style=\"font-size: 16px; font-style: normal; font-weight: 400; text-transform: none;\"><span style=\"font-weight: bold;\">Ojo, la rabia no es cruel, la rabia puede llegar a servirnos de refugio.\u00a0<\/span>Crueles quienes se esconden en las buenas maneras, se esconden en sus modales, se esconden en mostrarse como gentes acomedidas; no obstante, a la hora de confrortarte ser\u00e1n quienes te laceren con l\u00e1tigos de indiferencia; quienes te hagan creer que tu dolor es melodram\u00e1tico. Claro, recuerda que sus modales (falsos patronos de la \u00e9tica) los mantiene duros como m\u00e1rmol; mientras te desvisten para ver tu vulnerabilidad, mientras encuentran tu centro para apu\u00f1alarlo.\u00a0<\/p>\n<p style=\"font-size: 16px; font-style: normal; font-weight: 400; text-transform: none;\">\u00a0<\/p>\n<p style=\"font-size: 16px; font-style: normal; font-weight: 400; text-transform: none;\">\u00a0<\/p>\n<p style=\"font-size: 16px; font-style: normal; font-weight: 400; text-transform: none;\">\u00a0<\/p>\n<p style=\"font-size: 16px; font-style: normal; font-weight: 400; text-transform: none;\">\u00a0<\/p>\n<p style=\"font-size: 16px; font-style: normal; font-weight: 400; text-transform: none;\">La gente que milita desde la crueldad merece nuestra compasi\u00f3n, pero con una sana distancia. Nunca sean compasivos con las personas crueles de frente, usar\u00e1n cualquier \u00e1pice de tu nobleza para justificar su presencia; perder\u00e1n valiosos meses escuchando que han sido de ayuda, escuchando que son especiales, importantes; cuando ustedes les necesiten, cuando m\u00e1s cari\u00f1o ustedes busquen, ser\u00e1 entonces cuando estas criaturas gimotear\u00e1n cualquier disculpa que no sienten, dir\u00e1n: &#8220;no quer\u00eda lastimarte&#8221; a la vez que puedes verles blandiendo la espada. As\u00ed es la crueldad empapada de egocentrismo, &#8220;sostuve la espada frente a tu vientre e hice presi\u00f3n, pero no ha sido mi culpa que ahora un pu\u00f1al te divida las tripas; la culpa la tiene tu cuero blando, que no pudo protegerte de mi embestida&#8221;.\u00a0<\/p>\n<p style=\"font-size: 16px; font-style: normal; font-weight: 400; text-transform: none;\">\u00a0<\/p>\n<p style=\"font-size: 16px; font-style: normal; font-weight: 400; text-transform: none;\">\u00a0<\/p>\n<p style=\"font-size: 16px; font-style: normal; font-weight: 400; text-transform: none;\">\u00a0<\/p>\n<p style=\"font-size: 16px; font-style: normal; font-weight: 400; text-transform: none;\">\u00a0<\/p>\n<p style=\"font-size: 16px; font-style: normal; font-weight: 400; text-transform: none;\"><span style=\"font-weight: bold;\">Las personas crueles siempre encontrar\u00e1n formas de evadir lo obvio: nada les importa.<\/span>\u00a0Viven dominados por fantasmas que seguro, cuando viv\u00edan, se marcharon al ver los alcances de su crueldad. Y esos fantasmas son el discurso que acaparan para no someterse a la realidad -m\u00e1s dura que sus almas-: que est\u00e1n muertos por dentro. Por eso los crueles no se ponen en tus zapatos, no pueden, no tienen pies, ni tienen piernas, ni tienen agallas; solo les queda ese reguero de venganza, rencor o arrepentimiento con el que se mutilan. Venganza, rencor y arrepentimiento que los ciega en la tierra de los vivos, por eso lastiman a quienes respiran aire; porque no pueden sino ver el cementerio que les ha inundado la cabeza.\u00a0<\/p>\n<p style=\"font-size: 16px; font-style: normal; font-weight: 400; text-transform: none;\">\u00a0<\/p>\t\t\t\t\t\t\t\t<\/div>\n\t\t\t\t<\/div>\n\t\t\t\t\t<\/div>\n\t\t<\/div>\n\t\t\t\t\t<\/div>\n\t\t<\/section>\n\t\t\t\t<\/div>\n\t\t","protected":false},"excerpt":{"rendered":"<p>Manifiesto sobre la crueldad por: Carolina Rodr\u00edguez mayo Viajera, educadora y escritora. Literata con opci\u00f3n en Filosof\u00eda. Especialista en Comunicaci\u00f3n Multimedia. Ha publicado su trabajo en revistas de colombianas como Literariedad, Sombralarga y Sinestesia. Columnista en Volc\u00e1nicas y Afrofeminas. Fue elegida como parte de una antolog\u00eda de j\u00f3venes poetas, Afloramientos, los puentes de regreso al &hellip;<\/p>\n<p class=\"read-more\"> <a class=\"\" href=\"https:\/\/laoficinacol.com\/index.php\/2023\/09\/20\/manifesto-sobre-la-crueldad\/\"> <span class=\"screen-reader-text\">Manifesto sobre la crueldad<\/span> Leer m\u00e1s &raquo;<\/a><\/p>\n","protected":false},"author":1,"featured_media":2004,"comment_status":"open","ping_status":"open","sticky":false,"template":"elementor_canvas","format":"standard","meta":{"site-sidebar-layout":"default","site-content-layout":"","ast-site-content-layout":"default","site-content-style":"default","site-sidebar-style":"default","ast-global-header-display":"","ast-banner-title-visibility":"","ast-main-header-display":"","ast-hfb-above-header-display":"","ast-hfb-below-header-display":"","ast-hfb-mobile-header-display":"","site-post-title":"","ast-breadcrumbs-content":"","ast-featured-img":"","footer-sml-layout":"","theme-transparent-header-meta":"","adv-header-id-meta":"","stick-header-meta":"","header-above-stick-meta":"","header-main-stick-meta":"","header-below-stick-meta":"","astra-migrate-meta-layouts":"set","footnotes":""},"categories":[1],"tags":[9,10],"class_list":["post-2003","post","type-post","status-publish","format-standard","has-post-thumbnail","hentry","category-blog","tag-carolina-rodriguez-mayo","tag-feminismo"],"_links":{"self":[{"href":"https:\/\/laoficinacol.com\/index.php\/wp-json\/wp\/v2\/posts\/2003"}],"collection":[{"href":"https:\/\/laoficinacol.com\/index.php\/wp-json\/wp\/v2\/posts"}],"about":[{"href":"https:\/\/laoficinacol.com\/index.php\/wp-json\/wp\/v2\/types\/post"}],"author":[{"embeddable":true,"href":"https:\/\/laoficinacol.com\/index.php\/wp-json\/wp\/v2\/users\/1"}],"replies":[{"embeddable":true,"href":"https:\/\/laoficinacol.com\/index.php\/wp-json\/wp\/v2\/comments?post=2003"}],"version-history":[{"count":18,"href":"https:\/\/laoficinacol.com\/index.php\/wp-json\/wp\/v2\/posts\/2003\/revisions"}],"predecessor-version":[{"id":2156,"href":"https:\/\/laoficinacol.com\/index.php\/wp-json\/wp\/v2\/posts\/2003\/revisions\/2156"}],"wp:featuredmedia":[{"embeddable":true,"href":"https:\/\/laoficinacol.com\/index.php\/wp-json\/wp\/v2\/media\/2004"}],"wp:attachment":[{"href":"https:\/\/laoficinacol.com\/index.php\/wp-json\/wp\/v2\/media?parent=2003"}],"wp:term":[{"taxonomy":"category","embeddable":true,"href":"https:\/\/laoficinacol.com\/index.php\/wp-json\/wp\/v2\/categories?post=2003"},{"taxonomy":"post_tag","embeddable":true,"href":"https:\/\/laoficinacol.com\/index.php\/wp-json\/wp\/v2\/tags?post=2003"}],"curies":[{"name":"wp","href":"https:\/\/api.w.org\/{rel}","templated":true}]}}